{"id":48,"date":"2026-08-04T15:32:18","date_gmt":"2026-08-04T15:32:18","guid":{"rendered":"https:\/\/augustocastro.site\/blog\/?p=48"},"modified":"2026-08-04T15:32:19","modified_gmt":"2026-08-04T15:32:19","slug":"o-novo-cerco-tributario-ao-alto-patrimonio-e-por-que-ele-precisa-ser-lido-em-conjunto","status":"publish","type":"post","link":"https:\/\/augustocastro.site\/blog\/o-novo-cerco-tributario-ao-alto-patrimonio-e-por-que-ele-precisa-ser-lido-em-conjunto\/","title":{"rendered":"O novo cerco tribut\u00e1rio ao alto patrim\u00f4nio \u2014 e por que ele precisa ser lido em conjunto"},"content":{"rendered":"\n<p class=\"lead-acg wp-block-paragraph\">Em pouco mais de dois anos, dividendos, renda no exterior, sucess\u00e3o e um imposto m\u00ednimo foram reescritos. N\u00e3o s\u00e3o quatro mudan\u00e7as isoladas: s\u00e3o pe\u00e7as de um mesmo reordenamento.<\/p>\n\n \n\n<p class=\"wp-block-paragraph\">Boa parte da l\u00f3gica que sustentava o planejamento do empres\u00e1rio e da fam\u00edlia de alto patrim\u00f4nio deixou de valer. Os dividendos, isentos desde 1996, voltaram a ser tributados. A renda mantida no exterior, antes diferida at\u00e9 a distribui\u00e7\u00e3o, passou a ser apurada ano a ano. A sucess\u00e3o de bens fora do pa\u00eds, que escapava do imposto estadual, voltou ao radar. E, por cima de tudo, surgiu um imposto de renda m\u00ednimo que alcan\u00e7a quem soma alta renda \u2014 venha ela de onde vier.<\/p>\n\n \n\n<p class=\"wp-block-paragraph\">Um artigo recente do tributarista Marcelo Andreola, publicado no Migalhas, examina essas frentes em conjunto \u2014 e \u00e9 essa leitura integrada que interessa a quem planeja. Reunimos aqui o essencial, traduzido para a decis\u00e3o pr\u00e1tica.<\/p>\n\n \n\n<p class=\"wp-block-paragraph\">Tr\u00eas diplomas conduzem o movimento e conversam entre si: a <strong>Lei 14.754\/2023<\/strong>, que redesenhou a tributa\u00e7\u00e3o da renda no exterior e do trust; a <strong>Lei 15.270\/2025<\/strong>, que tributou dividendos e criou o imposto m\u00ednimo; e a <strong>EC 132\/2023<\/strong> (Reforma Tribut\u00e1ria), que reabriu o caminho do imposto sobre a transmiss\u00e3o de bens no exterior.<\/p>\n\n \n\n<figure class=\"wp-block-table is-style-stripes\"><table><thead><tr><th>Frente<\/th><th>O que mudou<\/th><th>A partir de<\/th><\/tr><\/thead><tbody><tr><td><strong>Dividendos<\/strong><\/td><td>Reten\u00e7\u00e3o de 10% na fonte acima de R$ 50 mil por m\u00eas (Lei 15.270\/25)<\/td><td>2026<\/td><\/tr><tr><td><strong>Imposto m\u00ednimo<\/strong><\/td><td>Piso de at\u00e9 10% sobre renda anual acima de R$ 600 mil (Lei 15.270\/25)<\/td><td>ano-calend\u00e1rio 2026<\/td><\/tr><tr><td><strong>Renda no exterior<\/strong><\/td><td>15% em ficha pr\u00f3pria; lucro de controlada tributado em 31\/12 se favorecida ou passiva (Lei 14.754\/23)<\/td><td>2024<\/td><\/tr><tr><td><strong>Sucess\u00e3o<\/strong><\/td><td>ITCMD sobre bens no exterior reaberto e progressivo (EC 132\/23 + LC 227\/26)<\/td><td>ap\u00f3s lei estadual<\/td><\/tr><\/tbody><\/table><\/figure>\n\n \n\n<h2 class=\"wp-block-heading\">1. O fim da isen\u00e7\u00e3o dos dividendos<\/h2>\n\n \n\n<p class=\"wp-block-paragraph\">A mudan\u00e7a de maior alcance imediato \u00e9 dom\u00e9stica. Desde 1996, lucros e dividendos distribu\u00eddos a pessoa f\u00edsica eram isentos. A Lei 15.270\/25 encerrou quase tr\u00eas d\u00e9cadas dessa regra: passa a haver <strong>reten\u00e7\u00e3o de 10% na fonte<\/strong> sobre pagamentos de uma mesma empresa a uma mesma pessoa acima de R$ 50 mil em um \u00fanico m\u00eas, sem qualquer dedu\u00e7\u00e3o \u2014 e com rec\u00e1lculo se houver mais de um pagamento no m\u00eas, para impedir o fracionamento. Essa reten\u00e7\u00e3o \u00e9 antecipa\u00e7\u00e3o e comp\u00f5e o ajuste anual.<\/p>\n\n \n\n<p class=\"wp-block-paragraph\">Houve uma janela de transi\u00e7\u00e3o: ficaram de fora os lucros apurados at\u00e9 2025 cuja distribui\u00e7\u00e3o tenha sido aprovada at\u00e9 31 de dezembro de 2025. Foi essa regra que motivou a corrida societ\u00e1ria do fim de 2025 \u2014 e a judicializa\u00e7\u00e3o de que se trata adiante. Vale notar que a mesma lei tem duas faces: ampliou a isen\u00e7\u00e3o na base, zerando o imposto de quem recebe at\u00e9 R$ 5 mil por m\u00eas. O \u00f4nus recaiu, deliberadamente, sobre o topo.<\/p>\n\n \n\n<h2 class=\"wp-block-heading\">2. O imposto de renda m\u00ednimo das altas rendas<\/h2>\n\n \n\n<p class=\"wp-block-paragraph\">\u00c9 o ponto que mais interessa ao alto patrim\u00f4nio. A partir do ano-calend\u00e1rio de 2026 (declara\u00e7\u00e3o de 2027), a pessoa f\u00edsica cuja soma de <em>todos<\/em> os rendimentos no ano supere <strong>R$ 600 mil<\/strong> sujeita-se a uma tributa\u00e7\u00e3o m\u00ednima. A mec\u00e2nica tem tr\u00eas elementos:<\/p>\n\n \n\n<ul class=\"wp-block-list\">\n<li><strong>Base ampla.<\/strong> Entram os rendimentos recebidos no ano, inclusive os tributados de forma exclusiva\/definitiva e os isentos ou de al\u00edquota zero \u2014 deduzindo-se apenas uma lista taxativa (ganhos de capital, doa\u00e7\u00e3o em adiantamento da leg\u00edtima e heran\u00e7a, poupan\u00e7a, LCI, CRI, entre outros). O que n\u00e3o est\u00e1 na lista, entra.<\/li>\n\n \n\n<li><strong>Al\u00edquota progressiva.<\/strong> Entre R$ 600 mil e R$ 1,2 milh\u00e3o, cresce de forma linear; a partir de R$ 1,2 milh\u00e3o, fixa-se em 10%.<\/li>\n\n \n\n<li><strong>Funciona como complemento.<\/strong> Do valor apurado deduz-se o IRPF j\u00e1 pago no ajuste, o retido na fonte e o imposto pago com base na Lei 14.754\/23. Se o resultado for negativo, o m\u00ednimo \u00e9 zero \u2014 mas n\u00e3o h\u00e1 restitui\u00e7\u00e3o do excesso.<\/li>\n<\/ul>\n\n \n\n<div class=\"wp-block-group acg-box\"><div class=\"wp-block-group__inner-container is-layout-constrained wp-block-group-is-layout-constrained\">\n<p class=\"acg-label wp-block-paragraph\">Como a al\u00edquota m\u00ednima progride (exemplos da Fazenda)<\/p>\n\n \n\n<p class=\"wp-block-paragraph\">Renda anual de <strong>R$ 600 mil<\/strong> \u2014 isento.<\/p>\n\n \n\n<p class=\"wp-block-paragraph\"><strong>R$ 750 mil<\/strong> \u2014 2,5% \u2014 imposto m\u00ednimo de R$ 18.750.<\/p>\n\n \n\n<p class=\"wp-block-paragraph\"><strong>R$ 900 mil<\/strong> \u2014 5% \u2014 R$ 45.000.<\/p>\n\n \n\n<p class=\"wp-block-paragraph\"><strong>R$ 1.050.000<\/strong> \u2014 7,5% \u2014 R$ 78.750.<\/p>\n\n \n\n<p class=\"wp-block-paragraph\"><strong>R$ 1,2 milh\u00e3o<\/strong> \u2014 10% \u2014 R$ 120.000.<\/p>\n<\/div><\/div>\n\n \n\n<h2 class=\"wp-block-heading\">3. A renda no exterior sob a Lei 14.754<\/h2>\n\n \n\n<p class=\"wp-block-paragraph\">Dois anos antes, a renda no exterior j\u00e1 havia sido reorganizada. Aplica\u00e7\u00f5es financeiras e lucros de entidades controladas passaram a ser declarados em ficha apartada, com IRPF fixo de <strong>15%<\/strong>, sem dedu\u00e7\u00e3o. Dois pontos que as leituras apressadas atropelam:<\/p>\n\n \n\n<p class=\"wp-block-paragraph\">As aplica\u00e7\u00f5es financeiras continuam tributadas <strong>na realiza\u00e7\u00e3o<\/strong> (resgate, aliena\u00e7\u00e3o, liquida\u00e7\u00e3o), n\u00e3o na simples valoriza\u00e7\u00e3o. E a tributa\u00e7\u00e3o autom\u00e1tica dos lucros da controlada em 31\/12 <strong>n\u00e3o alcan\u00e7a toda estrutura<\/strong>: restringe-se \u00e0s controladas em pa\u00eds de tributa\u00e7\u00e3o favorecida, regime fiscal privilegiado ou com renda ativa inferior a 60% do total. Uma sociedade operacional genu\u00edna, em pa\u00eds de tributa\u00e7\u00e3o regular e com receita majoritariamente ativa, n\u00e3o sofre a antecipa\u00e7\u00e3o anual. Dizer que &#8220;toda offshore paga imposto todo ano&#8221; \u00e9 tecnicamente incorreto.<\/p>\n\n \n\n<h2 class=\"wp-block-heading\">4. A intera\u00e7\u00e3o decisiva<\/h2>\n\n \n\n<p class=\"wp-block-paragraph\">Aqui est\u00e1 o valor que nenhuma norma entrega sozinha. A renda do exterior (15%) entra na base do imposto m\u00ednimo e conta para o limite de R$ 600 mil. Como o m\u00ednimo tem teto de 10% e o exterior j\u00e1 cobra 15%, o cr\u00e9dito da Lei 14.754 tende a absorver o m\u00ednimo sobre <em>aquela<\/em> renda. O efeito real \u00e9 outro e mais sutil:<\/p>\n\n \n\n<blockquote class=\"wp-block-quote is-layout-flow wp-block-quote-is-layout-flow\">\n<p class=\"wp-block-paragraph\">A renda no exterior tornou-se, na pr\u00e1tica, um construtor de base \u2014 pode elevar a al\u00edquota m\u00ednima aplic\u00e1vel, que passa a recair sobre toda a renda do contribuinte, inclusive parcelas que, sozinhas, seriam pouco tributadas.<\/p>\n<cite>S\u00edntese da an\u00e1lise de Marcelo Andreola<\/cite><\/blockquote>\n\n \n\n<p class=\"wp-block-paragraph\">Ou seja: mesmo sem gerar imposto m\u00ednimo &#8220;sobre si mesma&#8221;, a renda do exterior pode arrastar a renda mais leve do contribuinte para o piso de 10%. \u00c9 leitura anterior \u00e0 regulamenta\u00e7\u00e3o \u2014 o imposto m\u00ednimo ainda ser\u00e1 disciplinado, por s\u00f3 se aplicar na declara\u00e7\u00e3o de 2027.<\/p>\n\n \n\n<h2 class=\"wp-block-heading\">5. A transmiss\u00e3o: o trust e o ITCMD<\/h2>\n\n \n\n<p class=\"wp-block-paragraph\">A frente sucess\u00f3ria \u00e9 a que mais se transformou. A Lei 14.754\/23 foi a primeira a disciplinar o <strong>trust<\/strong> diretamente: os bens permanecem com o instituidor e passam ao benefici\u00e1rio na distribui\u00e7\u00e3o ou na morte \u2014 tratada como doa\u00e7\u00e3o (em vida) ou transmiss\u00e3o causa mortis (na morte). O trust perdeu a opacidade e virou instrumento de transmiss\u00e3o com titular identificado e evento tribut\u00e1vel definido.<\/p>\n\n \n\n<p class=\"wp-block-paragraph\">E o ITCMD sobre bens no exterior? Por anos, n\u00e3o incidia: no <strong>Tema 825<\/strong>, o STF vedou aos Estados cobrar o imposto nas hip\u00f3teses com elemento no exterior sem a lei complementar exigida pela Constitui\u00e7\u00e3o \u2014 que nunca havia sido editada. Esse quadro mudou. A EC 132\/23 criou regra de transi\u00e7\u00e3o, e a <strong>LC 227\/26<\/strong> (convers\u00e3o do PLP 108\/24, sancionada em janeiro de 2026) finalmente disciplinou o ITCMD nessas hip\u00f3teses. A lacuna que sustentava o Tema 825 deixou de existir.<\/p>\n\n \n\n<p class=\"wp-block-paragraph\">A cobran\u00e7a n\u00e3o \u00e9 imediata \u2014 depende de cada Estado editar lei pr\u00f3pria, respeitadas as anterioridades. Mas o cen\u00e1rio se inverteu: a transmiss\u00e3o que escapava agora tem base nacional para ser tributada. Soma-se que a Reforma tornou o ITCMD <strong>obrigatoriamente progressivo<\/strong>, elevando o custo potencial das grandes transmiss\u00f5es.<\/p>\n\n \n\n<h2 class=\"wp-block-heading\">6. O ch\u00e3o inst\u00e1vel: a judicializa\u00e7\u00e3o<\/h2>\n\n \n\n<p class=\"wp-block-paragraph\">Nenhuma dessas pe\u00e7as se assenta em terreno firme \u2014 e reconhec\u00ea-lo \u00e9 parte do planejamento. A Lei 15.270\/25 j\u00e1 nasceu sob lit\u00edgio: nas ADIs 7912 e 7914, o STF, em liminar, prorrogou para 31 de janeiro de 2026 o prazo de aprova\u00e7\u00e3o da distribui\u00e7\u00e3o de dividendos de 2025, e o referendo dessa liminar segue pendente no plen\u00e1rio f\u00edsico ap\u00f3s pedido de destaque. Em primeira inst\u00e2ncia, houve mandado de seguran\u00e7a concedido por conflito com os prazos societ\u00e1rios da Lei das S.A.<\/p>\n\n \n\n<p class=\"wp-block-paragraph\">S\u00e3o decis\u00f5es ainda n\u00e3o consolidadas \u2014 sinal de instabilidade, n\u00e3o jurisprud\u00eancia firme. Estruturar sobre normas <em>sub judice<\/em> exige deixar margem para o cen\u00e1rio de revis\u00e3o.<\/p>\n\n \n\n<h2 class=\"wp-block-heading\">7. A transpar\u00eancia como premissa<\/h2>\n\n \n\n<p class=\"wp-block-paragraph\">Toda estrat\u00e9gia l\u00edcita parte de um dado hoje inegoci\u00e1vel: a informa\u00e7\u00e3o sobre o patrim\u00f4nio j\u00e1 circula. A DCBE (Banco Central) \u00e9 obrigat\u00f3ria para ativos no exterior a partir de US$ 1 milh\u00e3o, sob multa de at\u00e9 R$ 250 mil. O CRS, padr\u00e3o de troca autom\u00e1tica de informa\u00e7\u00f5es da OCDE, vige no Brasil desde 2018 e alcan\u00e7a at\u00e9 estruturas como o trust. E o reporte de criptoativos passou a ser obrigat\u00f3rio a partir de julho de 2026. O planejamento migrou, em definitivo, da l\u00f3gica do sigilo para a da conformidade.<\/p>\n\n \n\n<h2 class=\"wp-block-heading\">A li\u00e7\u00e3o pr\u00e1tica<\/h2>\n\n \n\n<p class=\"wp-block-paragraph\">Conhecer cada norma isoladamente n\u00e3o basta \u2014 o que decide o resultado \u00e9 enxergar como elas se combinam. A renda do exterior influencia a al\u00edquota do imposto m\u00ednimo que recai sobre a renda dom\u00e9stica. A distribui\u00e7\u00e3o de dividendos precisa considerar a antecipa\u00e7\u00e3o na fonte e o redutor da dupla tributa\u00e7\u00e3o. A sucess\u00e3o precisa ser projetada \u00e0 luz do ITCMD agora regulado e progressivo, n\u00e3o mais como transmiss\u00e3o isenta. E toda a estrutura precisa ser dimensionada dentro da transpar\u00eancia.<\/p>\n\n \n\n<p class=\"wp-block-paragraph\">Quem montou a arquitetura patrimonial na l\u00f3gica anterior \u2014 diferimento, isen\u00e7\u00e3o e sigilo \u2014 tem agora uma quest\u00e3o de conformidade a resolver. A pergunta deixou de ser <em>se<\/em> haver\u00e1 tributa\u00e7\u00e3o, e passou a ser <strong>como organiz\u00e1-la de forma l\u00edcita e sustent\u00e1vel<\/strong>, diante de um Fisco que hoje enxerga o rendimento, o dividendo e a heran\u00e7a.<\/p>\n\n \n\n<hr class=\"wp-block-separator has-alpha-channel-opacity\"\/>\n\n \n\n<p class=\"acg-fonte wp-block-paragraph\">Baseado no artigo &#8220;A tributa\u00e7\u00e3o do patrim\u00f4nio e das altas rendas ap\u00f3s as leis 14.754 e 15.270&#8221;, de Marcelo Andreola, publicado na editoria Migalhas de Peso em 31 de julho de 2026. Este resumo n\u00e3o substitui a leitura do original nem a an\u00e1lise individualizada de cada caso.<\/p>\n\n \n\n<div class=\"wp-block-group acg-cta\"><div class=\"wp-block-group__inner-container is-layout-constrained wp-block-group-is-layout-constrained\">\n<p class=\"acg-label wp-block-paragraph\">Planejamento patrimonial e sucess\u00f3rio<\/p>\n\n \n\n<h2 class=\"wp-block-heading\">Sua estrutura patrimonial foi pensada nas regras que j\u00e1 n\u00e3o valem?<\/h2>\n\n \n\n<p class=\"wp-block-paragraph\">Revisamos a arquitetura patrimonial da sua fam\u00edlia e da sua empresa \u00e0 luz do novo regime \u2014 dividendos, imposto m\u00ednimo, renda no exterior e ITCMD \u2014 com foco em conformidade e efici\u00eancia. Quinze anos de experi\u00eancia em cart\u00f3rio aplicados ao seu patrim\u00f4nio.<\/p>\n\n \n\n<div class=\"wp-block-buttons is-layout-flex wp-block-buttons-is-layout-flex\">\n<div class=\"wp-block-button\"><a class=\"wp-block-button__link wp-element-button\" href=\"https:\/\/wa.me\/551153047400\">Falar com o advogado \u2192<\/a><\/div>\n<\/div>\n<\/div><\/div>\n\n \n\n<p class=\"acg-aviso wp-block-paragraph\">Este conte\u00fado tem finalidade exclusivamente informativa e n\u00e3o constitui consulta ou orienta\u00e7\u00e3o jur\u00eddica. Cada situa\u00e7\u00e3o exige an\u00e1lise individualizada da documenta\u00e7\u00e3o e do contexto f\u00e1tico.<\/p>\n","protected":false},"excerpt":{"rendered":"<p>As Leis 14.754 e 15.270 e a Reforma Tribut\u00e1ria reescreveram a tributa\u00e7\u00e3o das altas rendas: fim da isen\u00e7\u00e3o de dividendos, imposto m\u00ednimo, renda no exterior anual e ITCMD sobre bens no exterior. Entenda em conjunto.<\/p>\n","protected":false},"author":1,"featured_media":0,"comment_status":"open","ping_status":"open","sticky":false,"template":"","format":"standard","meta":{"footnotes":""},"categories":[8],"tags":[38,46,41,44,42,39,24,11,40,43,37,45],"class_list":["post-48","post","type-post","status-publish","format-standard","hentry","category-dir-tributario","tag-altas-rendas","tag-holding","tag-imposto-de-renda-minimo","tag-itcmd","tag-lei-14754","tag-lei-15270","tag-planejamento-patrimonial","tag-planejamento-sucessorio","tag-reforma-tributaria","tag-renda-no-exterior","tag-tributacao-de-dividendos","tag-trust"],"_links":{"self":[{"href":"https:\/\/augustocastro.site\/blog\/wp-json\/wp\/v2\/posts\/48","targetHints":{"allow":["GET"]}}],"collection":[{"href":"https:\/\/augustocastro.site\/blog\/wp-json\/wp\/v2\/posts"}],"about":[{"href":"https:\/\/augustocastro.site\/blog\/wp-json\/wp\/v2\/types\/post"}],"author":[{"embeddable":true,"href":"https:\/\/augustocastro.site\/blog\/wp-json\/wp\/v2\/users\/1"}],"replies":[{"embeddable":true,"href":"https:\/\/augustocastro.site\/blog\/wp-json\/wp\/v2\/comments?post=48"}],"version-history":[{"count":1,"href":"https:\/\/augustocastro.site\/blog\/wp-json\/wp\/v2\/posts\/48\/revisions"}],"predecessor-version":[{"id":49,"href":"https:\/\/augustocastro.site\/blog\/wp-json\/wp\/v2\/posts\/48\/revisions\/49"}],"wp:attachment":[{"href":"https:\/\/augustocastro.site\/blog\/wp-json\/wp\/v2\/media?parent=48"}],"wp:term":[{"taxonomy":"category","embeddable":true,"href":"https:\/\/augustocastro.site\/blog\/wp-json\/wp\/v2\/categories?post=48"},{"taxonomy":"post_tag","embeddable":true,"href":"https:\/\/augustocastro.site\/blog\/wp-json\/wp\/v2\/tags?post=48"}],"curies":[{"name":"wp","href":"https:\/\/api.w.org\/{rel}","templated":true}]}}